{"id":19359,"date":"2021-01-01T00:10:51","date_gmt":"2020-12-31T23:10:51","guid":{"rendered":"https:\/\/www.motivgruppe-musik.com\/?p=19359"},"modified":"2021-02-01T10:43:44","modified_gmt":"2021-02-01T09:43:44","slug":"marke-des-monats-januar-2021","status":"publish","type":"post","link":"https:\/\/www.motivgruppe-musik.com\/en\/2021\/01\/01\/marke-des-monats-januar-2021\/","title":{"rendered":"Stamp of the Month: January 2021"},"content":{"rendered":"<p><div class=\"gdc_row\"><div class=\"gdc_column gdc_chalf\"><div class=\"gdc_inner\"><center><strong><font size=\"+2\">Ram\u00f3n Vinay<\/font><\/strong><\/center><br \/>\n<font size=\"3\">The Chilean opera singer Ram\u00f3n Mario Francisco Vinay Sep\u00falveda was born on August 31, 1911 in Chill\u00e1n. He died on January 4, 1996 in Puebla, Mexico. January 2021 will mark the 25th anniversary of his death.<br \/>\n&nbsp;<br \/>\nDuring his vocal training he sang mainly bass parts from 1930, but then made his debut in 1931 with the baritone part of Don Alfonso in Donizetti&#8217;s opera \u201cLa favorita\u201d. From 1931 to 1944 he sang mainly at the Teatro de las Bellas Artes in Mexico City and on Mexican radio.<\/div><\/div><div class=\"gdc_column gdc_chalf\"><div class=\"gdc_inner\"><center><img decoding=\"async\" src=\"https:\/\/www.motivgruppe-musik.com\/wp-content\/uploads\/2020\/12\/2021-01.jpg\" alt=\"\" width=\"200\" class=\"alignnone\" \/><br \/>\n<strong>Chile 15.10.1997<\/strong><\/div><\/div><\/div>After switching to tenor, he made his debut in 1943 as Don Jos\u00e9 in Bizet&#8217;s opera \u201cCarmen\u201d and in 1944 for the first time in the title role in Verdi&#8217;s \u201cOtello\u201d. In 1946 he made his debut at the Metropolitan Opera, in 1947 at La Scala, in 1950 at the Royal Opera House Covent Garden and in 1952 he appeared as Tristan for the first time at the Bayreuth Festival. After switching to the baritone again, Vinay sang numerous roles in Wagner operas as well as in Tosca, Otello, La Traviata, Aida, Carmen, Pagliacci and La Boh\u00e8me.<br \/>\nRam\u00f3n Vinay is best known for four legendary interpretations: the title role in Verdi&#8217;s \u201cOtello\u201d under the direction of Arturo Toscanini (1947); Tristan in \u201cTristan und Isolde\u201d under the direction of Herbert von Karajan (1951) as well as Siegmund in \u201cWalk\u00fcre\u201d and the title role in \u201cParsifal\u201d under the direction of Clemens Krauss (1953).<br \/>\nRam\u00f3n Vinay gave his farewell performance on September 22, 1969 at the Teatro Municipal in Santiago in Verdi&#8217;s Otello, where he took over the baritone role of Iago in the first two acts and was on stage in the third and fourth act in the tenor role of Otello.<br \/>\n<div class=\"gdc_row\"><div class=\"gdc_column gdc_cthird\"><div class=\"gdc_inner\"><br \/>\nThe video shows Ram\u00f3n Vinay with Pedro Vargas in the 1943 film &#8220;Fantasia Ranchera&#8221; under the musical direction of Manuel Esper\u00f3n.<\/div><\/div><div class=\"gdc_column gdc_ctwo-thirds\"><div class=\"gdc_inner\"><br \/>\n<center><iframe loading=\"lazy\" width=\"400\" height=\"315\" src=\"https:\/\/www.youtube.com\/embed\/mIrT7ErMKnI?controls=0\" frameborder=\"0\" allowfullscreen><\/iframe><\/center><\/div><\/div><\/div><\/font><\/p>","protected":false},"excerpt":{"rendered":"<p>After switching to tenor, he made his debut in 1943 as Don Jos\u00e9 in Bizet&#8217;s opera \u201cCarmen\u201d and in 1944 for the first time in the title role in Verdi&#8217;s \u201cOtello\u201d. In 1946 he made his debut at the Metropolitan Opera, in 1947 at La Scala, in 1950 at the Royal Opera House Covent Garden [&hellip;]<\/p>\n","protected":false},"author":1,"featured_media":19362,"comment_status":"closed","ping_status":"closed","sticky":false,"template":"","format":"standard","meta":{"ngg_post_thumbnail":0,"footnotes":""},"categories":[9,10],"tags":[],"class_list":["post-19359","post","type-post","status-publish","format-standard","has-post-thumbnail","hentry","category-briefmarken","category-musik"],"_links":{"self":[{"href":"https:\/\/www.motivgruppe-musik.com\/en\/wp-json\/wp\/v2\/posts\/19359","targetHints":{"allow":["GET"]}}],"collection":[{"href":"https:\/\/www.motivgruppe-musik.com\/en\/wp-json\/wp\/v2\/posts"}],"about":[{"href":"https:\/\/www.motivgruppe-musik.com\/en\/wp-json\/wp\/v2\/types\/post"}],"author":[{"embeddable":true,"href":"https:\/\/www.motivgruppe-musik.com\/en\/wp-json\/wp\/v2\/users\/1"}],"replies":[{"embeddable":true,"href":"https:\/\/www.motivgruppe-musik.com\/en\/wp-json\/wp\/v2\/comments?post=19359"}],"version-history":[{"count":2,"href":"https:\/\/www.motivgruppe-musik.com\/en\/wp-json\/wp\/v2\/posts\/19359\/revisions"}],"predecessor-version":[{"id":19381,"href":"https:\/\/www.motivgruppe-musik.com\/en\/wp-json\/wp\/v2\/posts\/19359\/revisions\/19381"}],"wp:featuredmedia":[{"embeddable":true,"href":"https:\/\/www.motivgruppe-musik.com\/en\/wp-json\/wp\/v2\/media\/19362"}],"wp:attachment":[{"href":"https:\/\/www.motivgruppe-musik.com\/en\/wp-json\/wp\/v2\/media?parent=19359"}],"wp:term":[{"taxonomy":"category","embeddable":true,"href":"https:\/\/www.motivgruppe-musik.com\/en\/wp-json\/wp\/v2\/categories?post=19359"},{"taxonomy":"post_tag","embeddable":true,"href":"https:\/\/www.motivgruppe-musik.com\/en\/wp-json\/wp\/v2\/tags?post=19359"}],"curies":[{"name":"wp","href":"https:\/\/api.w.org\/{rel}","templated":true}]}}